{"id":8149,"date":"2025-04-05T10:34:00","date_gmt":"2025-04-05T10:34:00","guid":{"rendered":"https:\/\/kemoplastika.hr\/?p=8149"},"modified":"2025-03-17T09:38:58","modified_gmt":"2025-03-17T09:38:58","slug":"koja-je-razlika-izmedu-ljetne-i-zimske-tekucine-za-pranje-vjetrobranskog-stakla","status":"publish","type":"post","link":"https:\/\/kemoplastika.hr\/index.php\/2025\/04\/05\/koja-je-razlika-izmedu-ljetne-i-zimske-tekucine-za-pranje-vjetrobranskog-stakla\/","title":{"rendered":"Koja je razlika izme\u0111u ljetne i zimske teku\u0107ine za pranje vjetrobranskog stakla?"},"content":{"rendered":"\n<p>Ba\u0161 kao i gume na vozilu, teku\u0107ine za pranje stakla imaju svoju sezonu. Iako se zimska teku\u0107ina mo\u017ee koristiti i tijekom ljeta, to se ne preporu\u010duje. Njen glavni sastojak, alkohol, mo\u017ee biti agresivan prema plasti\u010dnim i gumenim dijelovima automobila, skra\u0107uju\u0107i vijek trajanja metlica brisa\u010da. Osim toga, zimska teku\u0107ina je znatno skuplja \u2013 zbog slo\u017eenijeg sastava i visokog udjela alkohola, mo\u017ee biti i do tri puta skuplja od ljetne varijante.<\/p>\n\n\n\n<p>Ljetna teku\u0107ina ne sadr\u017ei alkohol, ali ima tenzide \u2013 sastojke koji poma\u017eu u otapanju ne\u010disto\u0107a, sli\u010dno kao u deterd\u017eentima za su\u0111e. Njezin bla\u017ei sastav \u010duva plasti\u010dne i gumene dijelove automobila, \u010dime se izbjegavaju mogu\u0107a o\u0161te\u0107enja.<\/p>\n\n\n\n<p>Najgore \u0161to mo\u017eete u\u010diniti svom sustavu za pranje stakla je koristiti obi\u010dnu vodu iz slavine. Voda sadr\u017ei kamenac koji se talo\u017ei u sustavu, \u0161to nakon nekoliko kori\u0161tenja mo\u017ee dovesti do za\u010depljenja ili ozbiljnog kvara brizgaljki. Takvo rje\u0161enje koristite samo u hitnim situacijama, kada nemate drugu opciju. Tako\u0111er je va\u017eno napomenuti kako se ljetna i zimska teku\u0107ina nipo\u0161to ne smiju mije\u0161ati jer to mo\u017ee dovesti do o\u0161te\u0107enja sustava za pranje vjetrobrana.<\/p>\n\n\n\n<p><\/p>\n","protected":false},"excerpt":{"rendered":"<p>Ba\u0161 kao i gume na vozilu, teku\u0107ine za pranje stakla imaju svoju sezonu. Iako se zimska teku\u0107ina mo\u017ee koristiti i tijekom ljeta, to se ne preporu\u010duje. Njen glavni sastojak, alkohol, mo\u017ee biti agresivan prema plasti\u010dnim i gumenim dijelovima automobila, skra\u0107uju\u0107i vijek trajanja metlica brisa\u010da. Osim toga, zimska teku\u0107ina je znatno skuplja \u2013 zbog slo\u017eenijeg sastava i visokog udjela alkohola, mo\u017ee biti i do tri puta skuplja od ljetne varijante. Ljetna teku\u0107ina ne sadr\u017ei alkohol, ali ima tenzide \u2013 sastojke koji poma\u017eu u otapanju ne\u010disto\u0107a, sli\u010dno kao u deterd\u017eentima za su\u0111e. Njezin bla\u017ei sastav \u010duva plasti\u010dne i gumene dijelove automobila, \u010dime&#8230;<\/p>\n","protected":false},"author":1,"featured_media":8150,"comment_status":"closed","ping_status":"closed","sticky":false,"template":"","format":"standard","meta":{"footnotes":""},"categories":[1],"tags":[56,54,53,55],"class_list":["post-8149","post","type-post","status-publish","format-standard","has-post-thumbnail","hentry","category-sve-objave","tag-ljetna","tag-stakla","tag-tekucina","tag-zimska"],"yoast_head":"<!-- This site is optimized with the Yoast SEO plugin v27.4 - https:\/\/yoast.com\/product\/yoast-seo-wordpress\/ -->\n<title>Koja je razlika izme\u0111u ljetne i zimske teku\u0107ine za pranje vjetrobranskog stakla? - Kemoplastika<\/title>\n<meta name=\"robots\" content=\"index, follow, max-snippet:-1, max-image-preview:large, max-video-preview:-1\" \/>\n<link rel=\"canonical\" href=\"https:\/\/kemoplastika.hr\/index.php\/2025\/04\/05\/koja-je-razlika-izmedu-ljetne-i-zimske-tekucine-za-pranje-vjetrobranskog-stakla\/\" \/>\n<meta property=\"og:locale\" content=\"hr_HR\" \/>\n<meta property=\"og:type\" content=\"article\" \/>\n<meta property=\"og:title\" content=\"Koja je razlika izme\u0111u ljetne i zimske teku\u0107ine za pranje vjetrobranskog stakla? - Kemoplastika\" \/>\n<meta property=\"og:description\" content=\"Ba\u0161 kao i gume na vozilu, teku\u0107ine za pranje stakla imaju svoju sezonu. Iako se zimska teku\u0107ina mo\u017ee koristiti i tijekom ljeta, to se ne preporu\u010duje. Njen glavni sastojak, alkohol, mo\u017ee biti agresivan prema plasti\u010dnim i gumenim dijelovima automobila, skra\u0107uju\u0107i vijek trajanja metlica brisa\u010da. Osim toga, zimska teku\u0107ina je znatno skuplja \u2013 zbog slo\u017eenijeg sastava i visokog udjela alkohola, mo\u017ee biti i do tri puta skuplja od ljetne varijante. Ljetna teku\u0107ina ne sadr\u017ei alkohol, ali ima tenzide \u2013 sastojke koji poma\u017eu u otapanju ne\u010disto\u0107a, sli\u010dno kao u deterd\u017eentima za su\u0111e. Njezin bla\u017ei sastav \u010duva plasti\u010dne i gumene dijelove automobila, \u010dime...\" \/>\n<meta property=\"og:url\" content=\"https:\/\/kemoplastika.hr\/index.php\/2025\/04\/05\/koja-je-razlika-izmedu-ljetne-i-zimske-tekucine-za-pranje-vjetrobranskog-stakla\/\" \/>\n<meta property=\"og:site_name\" content=\"Kemoplastika\" \/>\n<meta property=\"article:publisher\" content=\"https:\/\/www.facebook.com\/profile.php?id=61559590600523\" \/>\n<meta property=\"article:published_time\" content=\"2025-04-05T10:34:00+00:00\" \/>\n<meta property=\"og:image\" content=\"https:\/\/kemoplastika.hr\/wp-content\/uploads\/2025\/03\/pexels-karolina-grabowska-4870706-scaled.jpg\" \/>\n\t<meta property=\"og:image:width\" content=\"2560\" \/>\n\t<meta property=\"og:image:height\" content=\"1707\" \/>\n\t<meta property=\"og:image:type\" content=\"image\/jpeg\" \/>\n<meta name=\"author\" content=\"admin\" \/>\n<meta name=\"twitter:card\" content=\"summary_large_image\" \/>\n<meta name=\"twitter:label1\" content=\"Napisao\/la\" \/>\n\t<meta name=\"twitter:data1\" content=\"admin\" \/>\n\t<meta name=\"twitter:label2\" content=\"Procijenjeno vrijeme \u010ditanja\" \/>\n\t<meta name=\"twitter:data2\" content=\"1 minuta\" \/>\n<script type=\"application\/ld+json\" class=\"yoast-schema-graph\">{\"@context\":\"https:\\\/\\\/schema.org\",\"@graph\":[{\"@type\":\"Article\",\"@id\":\"https:\\\/\\\/kemoplastika.hr\\\/index.php\\\/2025\\\/04\\\/05\\\/koja-je-razlika-izmedu-ljetne-i-zimske-tekucine-za-pranje-vjetrobranskog-stakla\\\/#article\",\"isPartOf\":{\"@id\":\"https:\\\/\\\/kemoplastika.hr\\\/index.php\\\/2025\\\/04\\\/05\\\/koja-je-razlika-izmedu-ljetne-i-zimske-tekucine-za-pranje-vjetrobranskog-stakla\\\/\"},\"author\":{\"name\":\"admin\",\"@id\":\"https:\\\/\\\/kemoplastika.hr\\\/#\\\/schema\\\/person\\\/bea4e92ba435f646fbfd4391f13012d5\"},\"headline\":\"Koja je razlika izme\u0111u ljetne i zimske teku\u0107ine za pranje vjetrobranskog stakla?\",\"datePublished\":\"2025-04-05T10:34:00+00:00\",\"mainEntityOfPage\":{\"@id\":\"https:\\\/\\\/kemoplastika.hr\\\/index.php\\\/2025\\\/04\\\/05\\\/koja-je-razlika-izmedu-ljetne-i-zimske-tekucine-za-pranje-vjetrobranskog-stakla\\\/\"},\"wordCount\":228,\"publisher\":{\"@id\":\"https:\\\/\\\/kemoplastika.hr\\\/#organization\"},\"image\":{\"@id\":\"https:\\\/\\\/kemoplastika.hr\\\/index.php\\\/2025\\\/04\\\/05\\\/koja-je-razlika-izmedu-ljetne-i-zimske-tekucine-za-pranje-vjetrobranskog-stakla\\\/#primaryimage\"},\"thumbnailUrl\":\"https:\\\/\\\/kemoplastika.hr\\\/wp-content\\\/uploads\\\/2025\\\/03\\\/pexels-karolina-grabowska-4870706-scaled.jpg\",\"keywords\":[\"ljetna\",\"stakla\",\"teku\u0107ina\",\"zimska\"],\"articleSection\":[\"Sve objave\"],\"inLanguage\":\"hr\"},{\"@type\":\"WebPage\",\"@id\":\"https:\\\/\\\/kemoplastika.hr\\\/index.php\\\/2025\\\/04\\\/05\\\/koja-je-razlika-izmedu-ljetne-i-zimske-tekucine-za-pranje-vjetrobranskog-stakla\\\/\",\"url\":\"https:\\\/\\\/kemoplastika.hr\\\/index.php\\\/2025\\\/04\\\/05\\\/koja-je-razlika-izmedu-ljetne-i-zimske-tekucine-za-pranje-vjetrobranskog-stakla\\\/\",\"name\":\"Koja je razlika izme\u0111u ljetne i zimske teku\u0107ine za pranje vjetrobranskog stakla? - Kemoplastika\",\"isPartOf\":{\"@id\":\"https:\\\/\\\/kemoplastika.hr\\\/#website\"},\"primaryImageOfPage\":{\"@id\":\"https:\\\/\\\/kemoplastika.hr\\\/index.php\\\/2025\\\/04\\\/05\\\/koja-je-razlika-izmedu-ljetne-i-zimske-tekucine-za-pranje-vjetrobranskog-stakla\\\/#primaryimage\"},\"image\":{\"@id\":\"https:\\\/\\\/kemoplastika.hr\\\/index.php\\\/2025\\\/04\\\/05\\\/koja-je-razlika-izmedu-ljetne-i-zimske-tekucine-za-pranje-vjetrobranskog-stakla\\\/#primaryimage\"},\"thumbnailUrl\":\"https:\\\/\\\/kemoplastika.hr\\\/wp-content\\\/uploads\\\/2025\\\/03\\\/pexels-karolina-grabowska-4870706-scaled.jpg\",\"datePublished\":\"2025-04-05T10:34:00+00:00\",\"breadcrumb\":{\"@id\":\"https:\\\/\\\/kemoplastika.hr\\\/index.php\\\/2025\\\/04\\\/05\\\/koja-je-razlika-izmedu-ljetne-i-zimske-tekucine-za-pranje-vjetrobranskog-stakla\\\/#breadcrumb\"},\"inLanguage\":\"hr\",\"potentialAction\":[{\"@type\":\"ReadAction\",\"target\":[\"https:\\\/\\\/kemoplastika.hr\\\/index.php\\\/2025\\\/04\\\/05\\\/koja-je-razlika-izmedu-ljetne-i-zimske-tekucine-za-pranje-vjetrobranskog-stakla\\\/\"]}]},{\"@type\":\"ImageObject\",\"inLanguage\":\"hr\",\"@id\":\"https:\\\/\\\/kemoplastika.hr\\\/index.php\\\/2025\\\/04\\\/05\\\/koja-je-razlika-izmedu-ljetne-i-zimske-tekucine-za-pranje-vjetrobranskog-stakla\\\/#primaryimage\",\"url\":\"https:\\\/\\\/kemoplastika.hr\\\/wp-content\\\/uploads\\\/2025\\\/03\\\/pexels-karolina-grabowska-4870706-scaled.jpg\",\"contentUrl\":\"https:\\\/\\\/kemoplastika.hr\\\/wp-content\\\/uploads\\\/2025\\\/03\\\/pexels-karolina-grabowska-4870706-scaled.jpg\",\"width\":2560,\"height\":1707},{\"@type\":\"BreadcrumbList\",\"@id\":\"https:\\\/\\\/kemoplastika.hr\\\/index.php\\\/2025\\\/04\\\/05\\\/koja-je-razlika-izmedu-ljetne-i-zimske-tekucine-za-pranje-vjetrobranskog-stakla\\\/#breadcrumb\",\"itemListElement\":[{\"@type\":\"ListItem\",\"position\":1,\"name\":\"Po\u010detna stranica\",\"item\":\"https:\\\/\\\/kemoplastika.hr\\\/\"},{\"@type\":\"ListItem\",\"position\":2,\"name\":\"Koja je razlika izme\u0111u ljetne i zimske teku\u0107ine za pranje vjetrobranskog stakla?\"}]},{\"@type\":\"WebSite\",\"@id\":\"https:\\\/\\\/kemoplastika.hr\\\/#website\",\"url\":\"https:\\\/\\\/kemoplastika.hr\\\/\",\"name\":\"Kemoplastika\",\"description\":\"Dezinfekcija, gradnja, auto-moto, \u010di\u0161\u0107enje, ambala\u017ea\",\"publisher\":{\"@id\":\"https:\\\/\\\/kemoplastika.hr\\\/#organization\"},\"potentialAction\":[{\"@type\":\"SearchAction\",\"target\":{\"@type\":\"EntryPoint\",\"urlTemplate\":\"https:\\\/\\\/kemoplastika.hr\\\/?s={search_term_string}\"},\"query-input\":{\"@type\":\"PropertyValueSpecification\",\"valueRequired\":true,\"valueName\":\"search_term_string\"}}],\"inLanguage\":\"hr\"},{\"@type\":\"Organization\",\"@id\":\"https:\\\/\\\/kemoplastika.hr\\\/#organization\",\"name\":\"Kemoplastika\",\"url\":\"https:\\\/\\\/kemoplastika.hr\\\/\",\"logo\":{\"@type\":\"ImageObject\",\"inLanguage\":\"hr\",\"@id\":\"https:\\\/\\\/kemoplastika.hr\\\/#\\\/schema\\\/logo\\\/image\\\/\",\"url\":\"https:\\\/\\\/kemoplastika.hr\\\/wp-content\\\/uploads\\\/2025\\\/09\\\/logo.svg\",\"contentUrl\":\"https:\\\/\\\/kemoplastika.hr\\\/wp-content\\\/uploads\\\/2025\\\/09\\\/logo.svg\",\"width\":100,\"height\":100,\"caption\":\"Kemoplastika\"},\"image\":{\"@id\":\"https:\\\/\\\/kemoplastika.hr\\\/#\\\/schema\\\/logo\\\/image\\\/\"},\"sameAs\":[\"https:\\\/\\\/www.facebook.com\\\/profile.php?id=61559590600523\"]},{\"@type\":\"Person\",\"@id\":\"https:\\\/\\\/kemoplastika.hr\\\/#\\\/schema\\\/person\\\/bea4e92ba435f646fbfd4391f13012d5\",\"name\":\"admin\",\"image\":{\"@type\":\"ImageObject\",\"inLanguage\":\"hr\",\"@id\":\"https:\\\/\\\/kemoplastika.hr\\\/wp-content\\\/litespeed\\\/avatar\\\/b8c2af828e738957d95fb5d667689969.jpg?ver=1776828033\",\"url\":\"https:\\\/\\\/kemoplastika.hr\\\/wp-content\\\/litespeed\\\/avatar\\\/b8c2af828e738957d95fb5d667689969.jpg?ver=1776828033\",\"contentUrl\":\"https:\\\/\\\/kemoplastika.hr\\\/wp-content\\\/litespeed\\\/avatar\\\/b8c2af828e738957d95fb5d667689969.jpg?ver=1776828033\",\"caption\":\"admin\"},\"sameAs\":[\"https:\\\/\\\/kemoplastika.hr\"],\"url\":\"https:\\\/\\\/kemoplastika.hr\\\/index.php\\\/author\\\/kem_admin\\\/\"}]}<\/script>\n<!-- \/ Yoast SEO plugin. -->","yoast_head_json":{"title":"Koja je razlika izme\u0111u ljetne i zimske teku\u0107ine za pranje vjetrobranskog stakla? - Kemoplastika","robots":{"index":"index","follow":"follow","max-snippet":"max-snippet:-1","max-image-preview":"max-image-preview:large","max-video-preview":"max-video-preview:-1"},"canonical":"https:\/\/kemoplastika.hr\/index.php\/2025\/04\/05\/koja-je-razlika-izmedu-ljetne-i-zimske-tekucine-za-pranje-vjetrobranskog-stakla\/","og_locale":"hr_HR","og_type":"article","og_title":"Koja je razlika izme\u0111u ljetne i zimske teku\u0107ine za pranje vjetrobranskog stakla? - Kemoplastika","og_description":"Ba\u0161 kao i gume na vozilu, teku\u0107ine za pranje stakla imaju svoju sezonu. Iako se zimska teku\u0107ina mo\u017ee koristiti i tijekom ljeta, to se ne preporu\u010duje. Njen glavni sastojak, alkohol, mo\u017ee biti agresivan prema plasti\u010dnim i gumenim dijelovima automobila, skra\u0107uju\u0107i vijek trajanja metlica brisa\u010da. Osim toga, zimska teku\u0107ina je znatno skuplja \u2013 zbog slo\u017eenijeg sastava i visokog udjela alkohola, mo\u017ee biti i do tri puta skuplja od ljetne varijante. Ljetna teku\u0107ina ne sadr\u017ei alkohol, ali ima tenzide \u2013 sastojke koji poma\u017eu u otapanju ne\u010disto\u0107a, sli\u010dno kao u deterd\u017eentima za su\u0111e. Njezin bla\u017ei sastav \u010duva plasti\u010dne i gumene dijelove automobila, \u010dime...","og_url":"https:\/\/kemoplastika.hr\/index.php\/2025\/04\/05\/koja-je-razlika-izmedu-ljetne-i-zimske-tekucine-za-pranje-vjetrobranskog-stakla\/","og_site_name":"Kemoplastika","article_publisher":"https:\/\/www.facebook.com\/profile.php?id=61559590600523","article_published_time":"2025-04-05T10:34:00+00:00","og_image":[{"width":2560,"height":1707,"url":"https:\/\/kemoplastika.hr\/wp-content\/uploads\/2025\/03\/pexels-karolina-grabowska-4870706-scaled.jpg","type":"image\/jpeg"}],"author":"admin","twitter_card":"summary_large_image","twitter_misc":{"Napisao\/la":"admin","Procijenjeno vrijeme \u010ditanja":"1 minuta"},"schema":{"@context":"https:\/\/schema.org","@graph":[{"@type":"Article","@id":"https:\/\/kemoplastika.hr\/index.php\/2025\/04\/05\/koja-je-razlika-izmedu-ljetne-i-zimske-tekucine-za-pranje-vjetrobranskog-stakla\/#article","isPartOf":{"@id":"https:\/\/kemoplastika.hr\/index.php\/2025\/04\/05\/koja-je-razlika-izmedu-ljetne-i-zimske-tekucine-za-pranje-vjetrobranskog-stakla\/"},"author":{"name":"admin","@id":"https:\/\/kemoplastika.hr\/#\/schema\/person\/bea4e92ba435f646fbfd4391f13012d5"},"headline":"Koja je razlika izme\u0111u ljetne i zimske teku\u0107ine za pranje vjetrobranskog stakla?","datePublished":"2025-04-05T10:34:00+00:00","mainEntityOfPage":{"@id":"https:\/\/kemoplastika.hr\/index.php\/2025\/04\/05\/koja-je-razlika-izmedu-ljetne-i-zimske-tekucine-za-pranje-vjetrobranskog-stakla\/"},"wordCount":228,"publisher":{"@id":"https:\/\/kemoplastika.hr\/#organization"},"image":{"@id":"https:\/\/kemoplastika.hr\/index.php\/2025\/04\/05\/koja-je-razlika-izmedu-ljetne-i-zimske-tekucine-za-pranje-vjetrobranskog-stakla\/#primaryimage"},"thumbnailUrl":"https:\/\/kemoplastika.hr\/wp-content\/uploads\/2025\/03\/pexels-karolina-grabowska-4870706-scaled.jpg","keywords":["ljetna","stakla","teku\u0107ina","zimska"],"articleSection":["Sve objave"],"inLanguage":"hr"},{"@type":"WebPage","@id":"https:\/\/kemoplastika.hr\/index.php\/2025\/04\/05\/koja-je-razlika-izmedu-ljetne-i-zimske-tekucine-za-pranje-vjetrobranskog-stakla\/","url":"https:\/\/kemoplastika.hr\/index.php\/2025\/04\/05\/koja-je-razlika-izmedu-ljetne-i-zimske-tekucine-za-pranje-vjetrobranskog-stakla\/","name":"Koja je razlika izme\u0111u ljetne i zimske teku\u0107ine za pranje vjetrobranskog stakla? - Kemoplastika","isPartOf":{"@id":"https:\/\/kemoplastika.hr\/#website"},"primaryImageOfPage":{"@id":"https:\/\/kemoplastika.hr\/index.php\/2025\/04\/05\/koja-je-razlika-izmedu-ljetne-i-zimske-tekucine-za-pranje-vjetrobranskog-stakla\/#primaryimage"},"image":{"@id":"https:\/\/kemoplastika.hr\/index.php\/2025\/04\/05\/koja-je-razlika-izmedu-ljetne-i-zimske-tekucine-za-pranje-vjetrobranskog-stakla\/#primaryimage"},"thumbnailUrl":"https:\/\/kemoplastika.hr\/wp-content\/uploads\/2025\/03\/pexels-karolina-grabowska-4870706-scaled.jpg","datePublished":"2025-04-05T10:34:00+00:00","breadcrumb":{"@id":"https:\/\/kemoplastika.hr\/index.php\/2025\/04\/05\/koja-je-razlika-izmedu-ljetne-i-zimske-tekucine-za-pranje-vjetrobranskog-stakla\/#breadcrumb"},"inLanguage":"hr","potentialAction":[{"@type":"ReadAction","target":["https:\/\/kemoplastika.hr\/index.php\/2025\/04\/05\/koja-je-razlika-izmedu-ljetne-i-zimske-tekucine-za-pranje-vjetrobranskog-stakla\/"]}]},{"@type":"ImageObject","inLanguage":"hr","@id":"https:\/\/kemoplastika.hr\/index.php\/2025\/04\/05\/koja-je-razlika-izmedu-ljetne-i-zimske-tekucine-za-pranje-vjetrobranskog-stakla\/#primaryimage","url":"https:\/\/kemoplastika.hr\/wp-content\/uploads\/2025\/03\/pexels-karolina-grabowska-4870706-scaled.jpg","contentUrl":"https:\/\/kemoplastika.hr\/wp-content\/uploads\/2025\/03\/pexels-karolina-grabowska-4870706-scaled.jpg","width":2560,"height":1707},{"@type":"BreadcrumbList","@id":"https:\/\/kemoplastika.hr\/index.php\/2025\/04\/05\/koja-je-razlika-izmedu-ljetne-i-zimske-tekucine-za-pranje-vjetrobranskog-stakla\/#breadcrumb","itemListElement":[{"@type":"ListItem","position":1,"name":"Po\u010detna stranica","item":"https:\/\/kemoplastika.hr\/"},{"@type":"ListItem","position":2,"name":"Koja je razlika izme\u0111u ljetne i zimske teku\u0107ine za pranje vjetrobranskog stakla?"}]},{"@type":"WebSite","@id":"https:\/\/kemoplastika.hr\/#website","url":"https:\/\/kemoplastika.hr\/","name":"Kemoplastika","description":"Dezinfekcija, gradnja, auto-moto, \u010di\u0161\u0107enje, ambala\u017ea","publisher":{"@id":"https:\/\/kemoplastika.hr\/#organization"},"potentialAction":[{"@type":"SearchAction","target":{"@type":"EntryPoint","urlTemplate":"https:\/\/kemoplastika.hr\/?s={search_term_string}"},"query-input":{"@type":"PropertyValueSpecification","valueRequired":true,"valueName":"search_term_string"}}],"inLanguage":"hr"},{"@type":"Organization","@id":"https:\/\/kemoplastika.hr\/#organization","name":"Kemoplastika","url":"https:\/\/kemoplastika.hr\/","logo":{"@type":"ImageObject","inLanguage":"hr","@id":"https:\/\/kemoplastika.hr\/#\/schema\/logo\/image\/","url":"https:\/\/kemoplastika.hr\/wp-content\/uploads\/2025\/09\/logo.svg","contentUrl":"https:\/\/kemoplastika.hr\/wp-content\/uploads\/2025\/09\/logo.svg","width":100,"height":100,"caption":"Kemoplastika"},"image":{"@id":"https:\/\/kemoplastika.hr\/#\/schema\/logo\/image\/"},"sameAs":["https:\/\/www.facebook.com\/profile.php?id=61559590600523"]},{"@type":"Person","@id":"https:\/\/kemoplastika.hr\/#\/schema\/person\/bea4e92ba435f646fbfd4391f13012d5","name":"admin","image":{"@type":"ImageObject","inLanguage":"hr","@id":"https:\/\/kemoplastika.hr\/wp-content\/litespeed\/avatar\/b8c2af828e738957d95fb5d667689969.jpg?ver=1776828033","url":"https:\/\/kemoplastika.hr\/wp-content\/litespeed\/avatar\/b8c2af828e738957d95fb5d667689969.jpg?ver=1776828033","contentUrl":"https:\/\/kemoplastika.hr\/wp-content\/litespeed\/avatar\/b8c2af828e738957d95fb5d667689969.jpg?ver=1776828033","caption":"admin"},"sameAs":["https:\/\/kemoplastika.hr"],"url":"https:\/\/kemoplastika.hr\/index.php\/author\/kem_admin\/"}]}},"_links":{"self":[{"href":"https:\/\/kemoplastika.hr\/index.php\/wp-json\/wp\/v2\/posts\/8149","targetHints":{"allow":["GET"]}}],"collection":[{"href":"https:\/\/kemoplastika.hr\/index.php\/wp-json\/wp\/v2\/posts"}],"about":[{"href":"https:\/\/kemoplastika.hr\/index.php\/wp-json\/wp\/v2\/types\/post"}],"author":[{"embeddable":true,"href":"https:\/\/kemoplastika.hr\/index.php\/wp-json\/wp\/v2\/users\/1"}],"replies":[{"embeddable":true,"href":"https:\/\/kemoplastika.hr\/index.php\/wp-json\/wp\/v2\/comments?post=8149"}],"version-history":[{"count":3,"href":"https:\/\/kemoplastika.hr\/index.php\/wp-json\/wp\/v2\/posts\/8149\/revisions"}],"predecessor-version":[{"id":8153,"href":"https:\/\/kemoplastika.hr\/index.php\/wp-json\/wp\/v2\/posts\/8149\/revisions\/8153"}],"wp:featuredmedia":[{"embeddable":true,"href":"https:\/\/kemoplastika.hr\/index.php\/wp-json\/wp\/v2\/media\/8150"}],"wp:attachment":[{"href":"https:\/\/kemoplastika.hr\/index.php\/wp-json\/wp\/v2\/media?parent=8149"}],"wp:term":[{"taxonomy":"category","embeddable":true,"href":"https:\/\/kemoplastika.hr\/index.php\/wp-json\/wp\/v2\/categories?post=8149"},{"taxonomy":"post_tag","embeddable":true,"href":"https:\/\/kemoplastika.hr\/index.php\/wp-json\/wp\/v2\/tags?post=8149"}],"curies":[{"name":"wp","href":"https:\/\/api.w.org\/{rel}","templated":true}]}}