{"id":6150,"date":"2024-02-07T16:07:06","date_gmt":"2024-02-07T16:07:06","guid":{"rendered":"https:\/\/test.kemoplastika.hr\/?p=6150"},"modified":"2024-02-07T16:07:07","modified_gmt":"2024-02-07T16:07:07","slug":"sretan-vam-dan-grada-zagreba","status":"publish","type":"post","link":"https:\/\/kemoplastika.hr\/index.php\/2024\/02\/07\/sretan-vam-dan-grada-zagreba\/","title":{"rendered":"Sretan vam Dan grada Zagreba!"},"content":{"rendered":"<div class=\"wp-block-image\">\n<figure class=\"aligncenter\"><img decoding=\"async\" src=\"https:\/\/kemoplastika.hr\/wp-content\/uploads\/2016\/05\/Dan-grada-Zagreba-Kemoplastika.jpg\" alt=\"Dan grada Zagreba - Kemoplastika\" class=\"wp-image-977\"\/><\/figure>\n<\/div>","protected":false},"excerpt":{"rendered":"<p>Sretan Vam dan grada Zagreba.<\/p>\n","protected":false},"author":1,"featured_media":6151,"comment_status":"closed","ping_status":"closed","sticky":false,"template":"","format":"standard","meta":{"footnotes":""},"categories":[1],"tags":[],"class_list":["post-6150","post","type-post","status-publish","format-standard","has-post-thumbnail","hentry","category-sve-objave"],"yoast_head":"<!-- This site is optimized with the Yoast SEO plugin v27.4 - https:\/\/yoast.com\/product\/yoast-seo-wordpress\/ -->\n<title>Sretan vam Dan grada Zagreba! - Kemoplastika<\/title>\n<meta name=\"robots\" content=\"index, follow, max-snippet:-1, max-image-preview:large, max-video-preview:-1\" \/>\n<link rel=\"canonical\" href=\"https:\/\/kemoplastika.hr\/index.php\/2024\/02\/07\/sretan-vam-dan-grada-zagreba\/\" \/>\n<meta property=\"og:locale\" content=\"hr_HR\" \/>\n<meta property=\"og:type\" content=\"article\" \/>\n<meta property=\"og:title\" content=\"Sretan vam Dan grada Zagreba! - Kemoplastika\" \/>\n<meta property=\"og:description\" content=\"Sretan Vam dan grada Zagreba.\" \/>\n<meta property=\"og:url\" content=\"https:\/\/kemoplastika.hr\/index.php\/2024\/02\/07\/sretan-vam-dan-grada-zagreba\/\" \/>\n<meta property=\"og:site_name\" content=\"Kemoplastika\" \/>\n<meta property=\"article:publisher\" content=\"https:\/\/www.facebook.com\/profile.php?id=61559590600523\" \/>\n<meta property=\"article:published_time\" content=\"2024-02-07T16:07:06+00:00\" \/>\n<meta property=\"article:modified_time\" content=\"2024-02-07T16:07:07+00:00\" \/>\n<meta property=\"og:image\" content=\"https:\/\/kemoplastika.hr\/wp-content\/uploads\/2024\/02\/zagreb_blog.png\" \/>\n\t<meta property=\"og:image:width\" content=\"1300\" \/>\n\t<meta property=\"og:image:height\" content=\"800\" \/>\n\t<meta property=\"og:image:type\" content=\"image\/png\" \/>\n<meta name=\"author\" content=\"admin\" \/>\n<meta name=\"twitter:card\" content=\"summary_large_image\" \/>\n<meta name=\"twitter:label1\" content=\"Napisao\/la\" \/>\n\t<meta name=\"twitter:data1\" content=\"admin\" \/>\n<script type=\"application\/ld+json\" class=\"yoast-schema-graph\">{\"@context\":\"https:\\\/\\\/schema.org\",\"@graph\":[{\"@type\":\"Article\",\"@id\":\"https:\\\/\\\/kemoplastika.hr\\\/index.php\\\/2024\\\/02\\\/07\\\/sretan-vam-dan-grada-zagreba\\\/#article\",\"isPartOf\":{\"@id\":\"https:\\\/\\\/kemoplastika.hr\\\/index.php\\\/2024\\\/02\\\/07\\\/sretan-vam-dan-grada-zagreba\\\/\"},\"author\":{\"name\":\"admin\",\"@id\":\"https:\\\/\\\/kemoplastika.hr\\\/#\\\/schema\\\/person\\\/bea4e92ba435f646fbfd4391f13012d5\"},\"headline\":\"Sretan vam Dan grada Zagreba!\",\"datePublished\":\"2024-02-07T16:07:06+00:00\",\"dateModified\":\"2024-02-07T16:07:07+00:00\",\"mainEntityOfPage\":{\"@id\":\"https:\\\/\\\/kemoplastika.hr\\\/index.php\\\/2024\\\/02\\\/07\\\/sretan-vam-dan-grada-zagreba\\\/\"},\"wordCount\":5,\"publisher\":{\"@id\":\"https:\\\/\\\/kemoplastika.hr\\\/#organization\"},\"image\":{\"@id\":\"https:\\\/\\\/kemoplastika.hr\\\/index.php\\\/2024\\\/02\\\/07\\\/sretan-vam-dan-grada-zagreba\\\/#primaryimage\"},\"thumbnailUrl\":\"https:\\\/\\\/kemoplastika.hr\\\/wp-content\\\/uploads\\\/2024\\\/02\\\/zagreb_blog.png\",\"articleSection\":[\"Sve objave\"],\"inLanguage\":\"hr\"},{\"@type\":\"WebPage\",\"@id\":\"https:\\\/\\\/kemoplastika.hr\\\/index.php\\\/2024\\\/02\\\/07\\\/sretan-vam-dan-grada-zagreba\\\/\",\"url\":\"https:\\\/\\\/kemoplastika.hr\\\/index.php\\\/2024\\\/02\\\/07\\\/sretan-vam-dan-grada-zagreba\\\/\",\"name\":\"Sretan vam Dan grada Zagreba! - Kemoplastika\",\"isPartOf\":{\"@id\":\"https:\\\/\\\/kemoplastika.hr\\\/#website\"},\"primaryImageOfPage\":{\"@id\":\"https:\\\/\\\/kemoplastika.hr\\\/index.php\\\/2024\\\/02\\\/07\\\/sretan-vam-dan-grada-zagreba\\\/#primaryimage\"},\"image\":{\"@id\":\"https:\\\/\\\/kemoplastika.hr\\\/index.php\\\/2024\\\/02\\\/07\\\/sretan-vam-dan-grada-zagreba\\\/#primaryimage\"},\"thumbnailUrl\":\"https:\\\/\\\/kemoplastika.hr\\\/wp-content\\\/uploads\\\/2024\\\/02\\\/zagreb_blog.png\",\"datePublished\":\"2024-02-07T16:07:06+00:00\",\"dateModified\":\"2024-02-07T16:07:07+00:00\",\"breadcrumb\":{\"@id\":\"https:\\\/\\\/kemoplastika.hr\\\/index.php\\\/2024\\\/02\\\/07\\\/sretan-vam-dan-grada-zagreba\\\/#breadcrumb\"},\"inLanguage\":\"hr\",\"potentialAction\":[{\"@type\":\"ReadAction\",\"target\":[\"https:\\\/\\\/kemoplastika.hr\\\/index.php\\\/2024\\\/02\\\/07\\\/sretan-vam-dan-grada-zagreba\\\/\"]}]},{\"@type\":\"ImageObject\",\"inLanguage\":\"hr\",\"@id\":\"https:\\\/\\\/kemoplastika.hr\\\/index.php\\\/2024\\\/02\\\/07\\\/sretan-vam-dan-grada-zagreba\\\/#primaryimage\",\"url\":\"https:\\\/\\\/kemoplastika.hr\\\/wp-content\\\/uploads\\\/2024\\\/02\\\/zagreb_blog.png\",\"contentUrl\":\"https:\\\/\\\/kemoplastika.hr\\\/wp-content\\\/uploads\\\/2024\\\/02\\\/zagreb_blog.png\",\"width\":1300,\"height\":800},{\"@type\":\"BreadcrumbList\",\"@id\":\"https:\\\/\\\/kemoplastika.hr\\\/index.php\\\/2024\\\/02\\\/07\\\/sretan-vam-dan-grada-zagreba\\\/#breadcrumb\",\"itemListElement\":[{\"@type\":\"ListItem\",\"position\":1,\"name\":\"Po\u010detna stranica\",\"item\":\"https:\\\/\\\/kemoplastika.hr\\\/\"},{\"@type\":\"ListItem\",\"position\":2,\"name\":\"Sretan vam Dan grada Zagreba!\"}]},{\"@type\":\"WebSite\",\"@id\":\"https:\\\/\\\/kemoplastika.hr\\\/#website\",\"url\":\"https:\\\/\\\/kemoplastika.hr\\\/\",\"name\":\"Kemoplastika\",\"description\":\"Dezinfekcija, gradnja, auto-moto, \u010di\u0161\u0107enje, ambala\u017ea\",\"publisher\":{\"@id\":\"https:\\\/\\\/kemoplastika.hr\\\/#organization\"},\"potentialAction\":[{\"@type\":\"SearchAction\",\"target\":{\"@type\":\"EntryPoint\",\"urlTemplate\":\"https:\\\/\\\/kemoplastika.hr\\\/?s={search_term_string}\"},\"query-input\":{\"@type\":\"PropertyValueSpecification\",\"valueRequired\":true,\"valueName\":\"search_term_string\"}}],\"inLanguage\":\"hr\"},{\"@type\":\"Organization\",\"@id\":\"https:\\\/\\\/kemoplastika.hr\\\/#organization\",\"name\":\"Kemoplastika\",\"url\":\"https:\\\/\\\/kemoplastika.hr\\\/\",\"logo\":{\"@type\":\"ImageObject\",\"inLanguage\":\"hr\",\"@id\":\"https:\\\/\\\/kemoplastika.hr\\\/#\\\/schema\\\/logo\\\/image\\\/\",\"url\":\"https:\\\/\\\/kemoplastika.hr\\\/wp-content\\\/uploads\\\/2025\\\/09\\\/logo.svg\",\"contentUrl\":\"https:\\\/\\\/kemoplastika.hr\\\/wp-content\\\/uploads\\\/2025\\\/09\\\/logo.svg\",\"width\":100,\"height\":100,\"caption\":\"Kemoplastika\"},\"image\":{\"@id\":\"https:\\\/\\\/kemoplastika.hr\\\/#\\\/schema\\\/logo\\\/image\\\/\"},\"sameAs\":[\"https:\\\/\\\/www.facebook.com\\\/profile.php?id=61559590600523\"]},{\"@type\":\"Person\",\"@id\":\"https:\\\/\\\/kemoplastika.hr\\\/#\\\/schema\\\/person\\\/bea4e92ba435f646fbfd4391f13012d5\",\"name\":\"admin\",\"image\":{\"@type\":\"ImageObject\",\"inLanguage\":\"hr\",\"@id\":\"https:\\\/\\\/kemoplastika.hr\\\/wp-content\\\/litespeed\\\/avatar\\\/b8c2af828e738957d95fb5d667689969.jpg?ver=1776828033\",\"url\":\"https:\\\/\\\/kemoplastika.hr\\\/wp-content\\\/litespeed\\\/avatar\\\/b8c2af828e738957d95fb5d667689969.jpg?ver=1776828033\",\"contentUrl\":\"https:\\\/\\\/kemoplastika.hr\\\/wp-content\\\/litespeed\\\/avatar\\\/b8c2af828e738957d95fb5d667689969.jpg?ver=1776828033\",\"caption\":\"admin\"},\"sameAs\":[\"https:\\\/\\\/kemoplastika.hr\"],\"url\":\"https:\\\/\\\/kemoplastika.hr\\\/index.php\\\/author\\\/kem_admin\\\/\"}]}<\/script>\n<!-- \/ Yoast SEO plugin. -->","yoast_head_json":{"title":"Sretan vam Dan grada Zagreba! - Kemoplastika","robots":{"index":"index","follow":"follow","max-snippet":"max-snippet:-1","max-image-preview":"max-image-preview:large","max-video-preview":"max-video-preview:-1"},"canonical":"https:\/\/kemoplastika.hr\/index.php\/2024\/02\/07\/sretan-vam-dan-grada-zagreba\/","og_locale":"hr_HR","og_type":"article","og_title":"Sretan vam Dan grada Zagreba! - Kemoplastika","og_description":"Sretan Vam dan grada Zagreba.","og_url":"https:\/\/kemoplastika.hr\/index.php\/2024\/02\/07\/sretan-vam-dan-grada-zagreba\/","og_site_name":"Kemoplastika","article_publisher":"https:\/\/www.facebook.com\/profile.php?id=61559590600523","article_published_time":"2024-02-07T16:07:06+00:00","article_modified_time":"2024-02-07T16:07:07+00:00","og_image":[{"width":1300,"height":800,"url":"https:\/\/kemoplastika.hr\/wp-content\/uploads\/2024\/02\/zagreb_blog.png","type":"image\/png"}],"author":"admin","twitter_card":"summary_large_image","twitter_misc":{"Napisao\/la":"admin"},"schema":{"@context":"https:\/\/schema.org","@graph":[{"@type":"Article","@id":"https:\/\/kemoplastika.hr\/index.php\/2024\/02\/07\/sretan-vam-dan-grada-zagreba\/#article","isPartOf":{"@id":"https:\/\/kemoplastika.hr\/index.php\/2024\/02\/07\/sretan-vam-dan-grada-zagreba\/"},"author":{"name":"admin","@id":"https:\/\/kemoplastika.hr\/#\/schema\/person\/bea4e92ba435f646fbfd4391f13012d5"},"headline":"Sretan vam Dan grada Zagreba!","datePublished":"2024-02-07T16:07:06+00:00","dateModified":"2024-02-07T16:07:07+00:00","mainEntityOfPage":{"@id":"https:\/\/kemoplastika.hr\/index.php\/2024\/02\/07\/sretan-vam-dan-grada-zagreba\/"},"wordCount":5,"publisher":{"@id":"https:\/\/kemoplastika.hr\/#organization"},"image":{"@id":"https:\/\/kemoplastika.hr\/index.php\/2024\/02\/07\/sretan-vam-dan-grada-zagreba\/#primaryimage"},"thumbnailUrl":"https:\/\/kemoplastika.hr\/wp-content\/uploads\/2024\/02\/zagreb_blog.png","articleSection":["Sve objave"],"inLanguage":"hr"},{"@type":"WebPage","@id":"https:\/\/kemoplastika.hr\/index.php\/2024\/02\/07\/sretan-vam-dan-grada-zagreba\/","url":"https:\/\/kemoplastika.hr\/index.php\/2024\/02\/07\/sretan-vam-dan-grada-zagreba\/","name":"Sretan vam Dan grada Zagreba! - Kemoplastika","isPartOf":{"@id":"https:\/\/kemoplastika.hr\/#website"},"primaryImageOfPage":{"@id":"https:\/\/kemoplastika.hr\/index.php\/2024\/02\/07\/sretan-vam-dan-grada-zagreba\/#primaryimage"},"image":{"@id":"https:\/\/kemoplastika.hr\/index.php\/2024\/02\/07\/sretan-vam-dan-grada-zagreba\/#primaryimage"},"thumbnailUrl":"https:\/\/kemoplastika.hr\/wp-content\/uploads\/2024\/02\/zagreb_blog.png","datePublished":"2024-02-07T16:07:06+00:00","dateModified":"2024-02-07T16:07:07+00:00","breadcrumb":{"@id":"https:\/\/kemoplastika.hr\/index.php\/2024\/02\/07\/sretan-vam-dan-grada-zagreba\/#breadcrumb"},"inLanguage":"hr","potentialAction":[{"@type":"ReadAction","target":["https:\/\/kemoplastika.hr\/index.php\/2024\/02\/07\/sretan-vam-dan-grada-zagreba\/"]}]},{"@type":"ImageObject","inLanguage":"hr","@id":"https:\/\/kemoplastika.hr\/index.php\/2024\/02\/07\/sretan-vam-dan-grada-zagreba\/#primaryimage","url":"https:\/\/kemoplastika.hr\/wp-content\/uploads\/2024\/02\/zagreb_blog.png","contentUrl":"https:\/\/kemoplastika.hr\/wp-content\/uploads\/2024\/02\/zagreb_blog.png","width":1300,"height":800},{"@type":"BreadcrumbList","@id":"https:\/\/kemoplastika.hr\/index.php\/2024\/02\/07\/sretan-vam-dan-grada-zagreba\/#breadcrumb","itemListElement":[{"@type":"ListItem","position":1,"name":"Po\u010detna stranica","item":"https:\/\/kemoplastika.hr\/"},{"@type":"ListItem","position":2,"name":"Sretan vam Dan grada Zagreba!"}]},{"@type":"WebSite","@id":"https:\/\/kemoplastika.hr\/#website","url":"https:\/\/kemoplastika.hr\/","name":"Kemoplastika","description":"Dezinfekcija, gradnja, auto-moto, \u010di\u0161\u0107enje, ambala\u017ea","publisher":{"@id":"https:\/\/kemoplastika.hr\/#organization"},"potentialAction":[{"@type":"SearchAction","target":{"@type":"EntryPoint","urlTemplate":"https:\/\/kemoplastika.hr\/?s={search_term_string}"},"query-input":{"@type":"PropertyValueSpecification","valueRequired":true,"valueName":"search_term_string"}}],"inLanguage":"hr"},{"@type":"Organization","@id":"https:\/\/kemoplastika.hr\/#organization","name":"Kemoplastika","url":"https:\/\/kemoplastika.hr\/","logo":{"@type":"ImageObject","inLanguage":"hr","@id":"https:\/\/kemoplastika.hr\/#\/schema\/logo\/image\/","url":"https:\/\/kemoplastika.hr\/wp-content\/uploads\/2025\/09\/logo.svg","contentUrl":"https:\/\/kemoplastika.hr\/wp-content\/uploads\/2025\/09\/logo.svg","width":100,"height":100,"caption":"Kemoplastika"},"image":{"@id":"https:\/\/kemoplastika.hr\/#\/schema\/logo\/image\/"},"sameAs":["https:\/\/www.facebook.com\/profile.php?id=61559590600523"]},{"@type":"Person","@id":"https:\/\/kemoplastika.hr\/#\/schema\/person\/bea4e92ba435f646fbfd4391f13012d5","name":"admin","image":{"@type":"ImageObject","inLanguage":"hr","@id":"https:\/\/kemoplastika.hr\/wp-content\/litespeed\/avatar\/b8c2af828e738957d95fb5d667689969.jpg?ver=1776828033","url":"https:\/\/kemoplastika.hr\/wp-content\/litespeed\/avatar\/b8c2af828e738957d95fb5d667689969.jpg?ver=1776828033","contentUrl":"https:\/\/kemoplastika.hr\/wp-content\/litespeed\/avatar\/b8c2af828e738957d95fb5d667689969.jpg?ver=1776828033","caption":"admin"},"sameAs":["https:\/\/kemoplastika.hr"],"url":"https:\/\/kemoplastika.hr\/index.php\/author\/kem_admin\/"}]}},"_links":{"self":[{"href":"https:\/\/kemoplastika.hr\/index.php\/wp-json\/wp\/v2\/posts\/6150","targetHints":{"allow":["GET"]}}],"collection":[{"href":"https:\/\/kemoplastika.hr\/index.php\/wp-json\/wp\/v2\/posts"}],"about":[{"href":"https:\/\/kemoplastika.hr\/index.php\/wp-json\/wp\/v2\/types\/post"}],"author":[{"embeddable":true,"href":"https:\/\/kemoplastika.hr\/index.php\/wp-json\/wp\/v2\/users\/1"}],"replies":[{"embeddable":true,"href":"https:\/\/kemoplastika.hr\/index.php\/wp-json\/wp\/v2\/comments?post=6150"}],"version-history":[{"count":1,"href":"https:\/\/kemoplastika.hr\/index.php\/wp-json\/wp\/v2\/posts\/6150\/revisions"}],"predecessor-version":[{"id":6152,"href":"https:\/\/kemoplastika.hr\/index.php\/wp-json\/wp\/v2\/posts\/6150\/revisions\/6152"}],"wp:featuredmedia":[{"embeddable":true,"href":"https:\/\/kemoplastika.hr\/index.php\/wp-json\/wp\/v2\/media\/6151"}],"wp:attachment":[{"href":"https:\/\/kemoplastika.hr\/index.php\/wp-json\/wp\/v2\/media?parent=6150"}],"wp:term":[{"taxonomy":"category","embeddable":true,"href":"https:\/\/kemoplastika.hr\/index.php\/wp-json\/wp\/v2\/categories?post=6150"},{"taxonomy":"post_tag","embeddable":true,"href":"https:\/\/kemoplastika.hr\/index.php\/wp-json\/wp\/v2\/tags?post=6150"}],"curies":[{"name":"wp","href":"https:\/\/api.w.org\/{rel}","templated":true}]}}