{"id":4606,"date":"2019-09-28T16:32:17","date_gmt":"2019-09-28T16:32:17","guid":{"rendered":"https:\/\/xstore.8theme.com\/demos\/2\/home-decor\/?p=4606"},"modified":"2024-02-07T11:03:46","modified_gmt":"2024-02-07T11:03:46","slug":"spektar-boja-i-sva-njegova-raspolozenja","status":"publish","type":"post","link":"https:\/\/kemoplastika.hr\/index.php\/2019\/09\/28\/spektar-boja-i-sva-njegova-raspolozenja\/","title":{"rendered":"Spektar boja i sva njegova raspolo\u017eenja"},"content":{"rendered":"<p style=\"text-align: left;\" align=\"CENTER\">Promijenite prevladavaju\u0107u boju u svojoj spava\u0107oj sobi i kona\u010dno se naspavajte&#8230;ili pak za\u010dinite svoj ljubavni \u017eivot \ud83d\ude42<\/p>\n<p style=\"text-align: left;\" align=\"CENTER\"><img loading=\"lazy\" loading=\"lazy\" decoding=\"async\" class=\"aligncenter size-full wp-image-872\" src=\"https:\/\/kemoplastika.hr\/wp-content\/uploads\/2016\/04\/edit3-1.jpg\" alt=\"edit3\" width=\"600\" height=\"350\" \/><\/p>\n<p align=\"LEFT\">Istra\u017eivanje na uzorku od 2.000 ljudi pokazalo je kako odre\u0111ena nijansa boje mo\u017ee druga\u010dije stimulirati na\u0161 mozak. Donosimo vam pri\u010du potkrijepljenu istra\u017eivanjem&#8230;o spektru boja u spava\u0107oj sobi i svim njegovim raspolo\u017eenjima.<\/p>\n<p align=\"LEFT\">Pa da krenemo&#8230;<\/p>\n<p align=\"LEFT\"><b>Plava<\/b><\/p>\n<p align=\"LEFT\">Ako je va\u0161a soba ve\u0107 sada u nijansi plave vjerojatno ste spavalica i vjerojatno se budite sa spontanim smije\u0161kom \u010de\u0161\u0107e od onih \u010dija soba nije plava. Ljudi \u010dije su sobe u nijansi plave vi\u0161e spavaju, u prosjeku 7 sati i 52 minute dnevno. To nije slu\u010dajnost. Na\u0161i receptori, oka pa zatim mozga, najosjetljiviji su na plavu boju koja izaziva osje\u0107aj smirenosti (pomislite samo na nebo ili more, odmah vam je lak\u0161e priznajte:) koji uzrokuje pozitivan ni\u017ei tlak i manji broj otkucaja u minuti. Naprosto vam ne preostaje ni\u0161ta drugo nego zaspati, a vi\u0161e od polovice spavalica s plavom nijansom sobama priznali su da se generalno bude sretni.<\/p>\n<p align=\"LEFT\"><b>\u017duta<\/b><\/p>\n<p align=\"LEFT\">Za\u010dudo, \u017euta nijansa u spava\u0107oj je druga najbolja za sklopiti oke i naspavati se. Sun\u010dana nijansa stimulira \u017eiv\u010dani sustav na opu\u0161tanje, a jarkija boja \u017euta kreira trenutnu ugodu.<\/p>\n<p align=\"LEFT\"><b>Zelena<\/b><\/p>\n<p align=\"LEFT\">Zemljana zelena ipak nije otrcana, koliko god da se mislilo. Zelena je bila tre\u0107i najbolji izbor za spavanac. A 22% ispitanika koju su prespavali u zelenoj sobi zaklju\u010dili su da su se probudili pozitivni s optimisti\u010dnim pogledom na svijet \ud83d\ude42<\/p>\n<p align=\"LEFT\"><b>Srebrna<\/b><\/p>\n<p align=\"LEFT\">Osobe koje su se provodile u sobama metal nijansi osje\u0107ale su se povla\u0161teno i va\u017eno, s neo\u010dekivanim nuspojavama dodu\u0161e. Naime, petina ispitanika sa srebrnim dekorom rekla je da su bili vi\u0161e motivirani za vje\u017ebanje u svojoj sobi&#8230;pa ako vam treba dodatna motivacija, probajte s metal nijansom.<\/p>\n<p align=\"LEFT\"><b>Naran\u010dasta<\/b><\/p>\n<p align=\"LEFT\">Nijanse naran\u010daste dodat \u0107e toplinu i stvoriti opu\u0161taju\u0107u atmosferu koja mo\u017ee pomo\u0107i u probavljanju obilne ve\u010dere u kojoj ste netom prije u\u017eivali. Naran\u010dasta boja poma\u017ee opustite mi\u0161i\u0107e tijela \u0161to je neophodno za dobar san.<\/p>\n<p align=\"LEFT\"><b>Ljubi\u010dasta<\/b><\/p>\n<p align=\"LEFT\">Oni koji su prespavali istra\u017eivanje u sobi s ljubi\u010dastim nijansama nisu se ba\u0161 naspavali. Radi se o 5h i 56 min sna po no\u0107i. Mizerija slo\u017eili bismo se. Bogata jarka boja je zapravo vrlo psihi\u010dki poticajna i ote\u017eava switch off nakon radnog dana pa &#8220;odmor&#8221; u ljubi\u010dastoj boji nerijetko uzrokuje nesanicu, \u017eivopisne snove ili no\u0107ne more.<\/p>\n<p align=\"LEFT\"><b>Tamno sme\u0111a<\/b><\/p>\n<p align=\"LEFT\">Mo\u017eda se ne biste slo\u017eili, ali ova boja nije pretjerano po\u017eeljna, bar ne u spava\u0107oj sobi. Spava\u0107i bi se mogli osje\u0107ati neudobno, izolirano i nemirno.<\/p>\n<p align=\"LEFT\"><b>Siva<\/b><\/p>\n<p align=\"LEFT\">Tako\u0111er \u2013 lo\u0161 izbor. Pored turobnih konotacija, istra\u017eivanje je pokazalo da su spava\u0107i sive sobe proveli ve\u0107inu vremena na online kupovini u krevetu. A to je jo\u0161 jedan dodatni razlog za izbje\u0107i ovu zlu boju u spava\u0107oj sobi. Zamislite, tu\u017ene emocije i minus na ra\u010dunu. NE.<\/p>\n<p align=\"LEFT\"><b>Svijetlo sme\u0111a<\/b><\/p>\n<p align=\"LEFT\">Romanti\u010dari, zapi\u0161ite! Parovi koji spavaju u spava\u0107oj sobi s karamel dekorom aktivniji su vi\u0161e od bilo koje boje \ud83d\ude42 To\u010dnije&#8230;tri puta tjedno, u prosjeku. \u0160to kod crvene recimo nije slu\u010daj iako je na glasu najromanti\u010dnije boje na svijetu.<\/p>\n<p align=\"LEFT\"><b>Bijela<\/b><\/p>\n<p align=\"LEFT\">Ako ste skloni raditi prekovremeno, obojite svoju sobu u bilo koju boju osim bijele. Osobe koje obitavaju u spava\u0107oj sobi u kojoj prevladava bijela boja skloni su posao nositi u krevet. Izbjegavajte to jer se u krevetu morate isklju\u010diti i odmoriti pod svaku cijenu.<\/p>\n<p align=\"LEFT\"><b>Zlatna<\/b><\/p>\n<p align=\"LEFT\">Kli\u0161e. Ili ipak ne. Ali bankari i financija\u0161i su skloni dekoriranju svojih spava\u0107ih soba u zlatne nijanse. A zlatne nijanse su s razlogom povezane s bogatstvom.<\/p>\n<p align=\"LEFT\"><i>U na\u0161im <a href=\"https:\/\/kemoplastika.hr\/kontakt\/\" target=\"_blank\" rel=\"noopener\">prodavaonicama<\/a> dostupne su boje za sve povr\u0161ine (Jupol, Poliflor extra, Megapol, Helios&#8230;) po cijenama od<strong> 90 kn do 158 kn.<\/strong><\/i><\/p>\n<p><strong>\u2013 Ostavite komentar ili<\/strong><br \/>\n<strong>\u2013 <a href=\"https:\/\/www.facebook.com\/Kemoplastika\/\" target=\"_blank\" rel=\"noopener\">https:\/\/www.facebook.com\/Kemoplastika\/<\/a><\/strong><br \/>\n<strong>\u2013 na telefon: 01\/ 3867-302<\/strong><br \/>\n<strong>\u2013 mail\u00a0<a href=\"https:\/\/kemoplastika.hr\/2016\/03\/14\/6-razloga-zasto-zivjeti-u-drvenoj-kuci\/kemoplastika@kemoplastika.hr\" target=\"_blank\" rel=\"noopener\">kemoplastika@kemoplastika.hr<\/a><\/strong><\/p>\n<p align=\"LEFT\">\n","protected":false},"excerpt":{"rendered":"<p>Promijenite prevladavaju\u0107u boju u svojoj spava\u0107oj sobi i kona\u010dno se naspavajte&#8230;ili pak za\u010dinite svoj ljubavni \u017eivot \ud83d\ude42<\/p>\n","protected":false},"author":1,"featured_media":6080,"comment_status":"closed","ping_status":"closed","sticky":false,"template":"","format":"standard","meta":{"footnotes":""},"categories":[1],"tags":[],"class_list":["post-4606","post","type-post","status-publish","format-standard","has-post-thumbnail","hentry","category-sve-objave"],"yoast_head":"<!-- This site is optimized with the Yoast SEO plugin v27.4 - https:\/\/yoast.com\/product\/yoast-seo-wordpress\/ -->\n<title>Spektar boja i sva njegova raspolo\u017eenja - Kemoplastika<\/title>\n<meta name=\"robots\" content=\"index, follow, max-snippet:-1, max-image-preview:large, max-video-preview:-1\" \/>\n<link rel=\"canonical\" href=\"https:\/\/kemoplastika.hr\/index.php\/2019\/09\/28\/spektar-boja-i-sva-njegova-raspolozenja\/\" \/>\n<meta property=\"og:locale\" content=\"hr_HR\" \/>\n<meta property=\"og:type\" content=\"article\" \/>\n<meta property=\"og:title\" content=\"Spektar boja i sva njegova raspolo\u017eenja - Kemoplastika\" \/>\n<meta property=\"og:description\" content=\"Promijenite prevladavaju\u0107u boju u svojoj spava\u0107oj sobi i kona\u010dno se naspavajte...ili pak za\u010dinite svoj ljubavni \u017eivot :)\" \/>\n<meta property=\"og:url\" content=\"https:\/\/kemoplastika.hr\/index.php\/2019\/09\/28\/spektar-boja-i-sva-njegova-raspolozenja\/\" \/>\n<meta property=\"og:site_name\" content=\"Kemoplastika\" \/>\n<meta property=\"article:publisher\" content=\"https:\/\/www.facebook.com\/profile.php?id=61559590600523\" \/>\n<meta property=\"article:published_time\" content=\"2019-09-28T16:32:17+00:00\" \/>\n<meta property=\"article:modified_time\" content=\"2024-02-07T11:03:46+00:00\" \/>\n<meta property=\"og:image\" content=\"https:\/\/kemoplastika.hr\/wp-content\/uploads\/2019\/09\/spektar_blog.png\" \/>\n\t<meta property=\"og:image:width\" content=\"1300\" \/>\n\t<meta property=\"og:image:height\" content=\"800\" \/>\n\t<meta property=\"og:image:type\" content=\"image\/png\" \/>\n<meta name=\"author\" content=\"admin\" \/>\n<meta name=\"twitter:card\" content=\"summary_large_image\" \/>\n<meta name=\"twitter:label1\" content=\"Napisao\/la\" \/>\n\t<meta name=\"twitter:data1\" content=\"admin\" \/>\n\t<meta name=\"twitter:label2\" content=\"Procijenjeno vrijeme \u010ditanja\" \/>\n\t<meta name=\"twitter:data2\" content=\"3 minute\" \/>\n<script type=\"application\/ld+json\" class=\"yoast-schema-graph\">{\"@context\":\"https:\\\/\\\/schema.org\",\"@graph\":[{\"@type\":\"Article\",\"@id\":\"https:\\\/\\\/kemoplastika.hr\\\/index.php\\\/2019\\\/09\\\/28\\\/spektar-boja-i-sva-njegova-raspolozenja\\\/#article\",\"isPartOf\":{\"@id\":\"https:\\\/\\\/kemoplastika.hr\\\/index.php\\\/2019\\\/09\\\/28\\\/spektar-boja-i-sva-njegova-raspolozenja\\\/\"},\"author\":{\"name\":\"admin\",\"@id\":\"https:\\\/\\\/kemoplastika.hr\\\/#\\\/schema\\\/person\\\/bea4e92ba435f646fbfd4391f13012d5\"},\"headline\":\"Spektar boja i sva njegova raspolo\u017eenja\",\"datePublished\":\"2019-09-28T16:32:17+00:00\",\"dateModified\":\"2024-02-07T11:03:46+00:00\",\"mainEntityOfPage\":{\"@id\":\"https:\\\/\\\/kemoplastika.hr\\\/index.php\\\/2019\\\/09\\\/28\\\/spektar-boja-i-sva-njegova-raspolozenja\\\/\"},\"wordCount\":680,\"publisher\":{\"@id\":\"https:\\\/\\\/kemoplastika.hr\\\/#organization\"},\"image\":{\"@id\":\"https:\\\/\\\/kemoplastika.hr\\\/index.php\\\/2019\\\/09\\\/28\\\/spektar-boja-i-sva-njegova-raspolozenja\\\/#primaryimage\"},\"thumbnailUrl\":\"https:\\\/\\\/kemoplastika.hr\\\/wp-content\\\/uploads\\\/2019\\\/09\\\/spektar_blog.png\",\"articleSection\":[\"Sve objave\"],\"inLanguage\":\"hr\"},{\"@type\":\"WebPage\",\"@id\":\"https:\\\/\\\/kemoplastika.hr\\\/index.php\\\/2019\\\/09\\\/28\\\/spektar-boja-i-sva-njegova-raspolozenja\\\/\",\"url\":\"https:\\\/\\\/kemoplastika.hr\\\/index.php\\\/2019\\\/09\\\/28\\\/spektar-boja-i-sva-njegova-raspolozenja\\\/\",\"name\":\"Spektar boja i sva njegova raspolo\u017eenja - Kemoplastika\",\"isPartOf\":{\"@id\":\"https:\\\/\\\/kemoplastika.hr\\\/#website\"},\"primaryImageOfPage\":{\"@id\":\"https:\\\/\\\/kemoplastika.hr\\\/index.php\\\/2019\\\/09\\\/28\\\/spektar-boja-i-sva-njegova-raspolozenja\\\/#primaryimage\"},\"image\":{\"@id\":\"https:\\\/\\\/kemoplastika.hr\\\/index.php\\\/2019\\\/09\\\/28\\\/spektar-boja-i-sva-njegova-raspolozenja\\\/#primaryimage\"},\"thumbnailUrl\":\"https:\\\/\\\/kemoplastika.hr\\\/wp-content\\\/uploads\\\/2019\\\/09\\\/spektar_blog.png\",\"datePublished\":\"2019-09-28T16:32:17+00:00\",\"dateModified\":\"2024-02-07T11:03:46+00:00\",\"breadcrumb\":{\"@id\":\"https:\\\/\\\/kemoplastika.hr\\\/index.php\\\/2019\\\/09\\\/28\\\/spektar-boja-i-sva-njegova-raspolozenja\\\/#breadcrumb\"},\"inLanguage\":\"hr\",\"potentialAction\":[{\"@type\":\"ReadAction\",\"target\":[\"https:\\\/\\\/kemoplastika.hr\\\/index.php\\\/2019\\\/09\\\/28\\\/spektar-boja-i-sva-njegova-raspolozenja\\\/\"]}]},{\"@type\":\"ImageObject\",\"inLanguage\":\"hr\",\"@id\":\"https:\\\/\\\/kemoplastika.hr\\\/index.php\\\/2019\\\/09\\\/28\\\/spektar-boja-i-sva-njegova-raspolozenja\\\/#primaryimage\",\"url\":\"https:\\\/\\\/kemoplastika.hr\\\/wp-content\\\/uploads\\\/2019\\\/09\\\/spektar_blog.png\",\"contentUrl\":\"https:\\\/\\\/kemoplastika.hr\\\/wp-content\\\/uploads\\\/2019\\\/09\\\/spektar_blog.png\",\"width\":1300,\"height\":800},{\"@type\":\"BreadcrumbList\",\"@id\":\"https:\\\/\\\/kemoplastika.hr\\\/index.php\\\/2019\\\/09\\\/28\\\/spektar-boja-i-sva-njegova-raspolozenja\\\/#breadcrumb\",\"itemListElement\":[{\"@type\":\"ListItem\",\"position\":1,\"name\":\"Po\u010detna stranica\",\"item\":\"https:\\\/\\\/kemoplastika.hr\\\/\"},{\"@type\":\"ListItem\",\"position\":2,\"name\":\"Spektar boja i sva njegova raspolo\u017eenja\"}]},{\"@type\":\"WebSite\",\"@id\":\"https:\\\/\\\/kemoplastika.hr\\\/#website\",\"url\":\"https:\\\/\\\/kemoplastika.hr\\\/\",\"name\":\"Kemoplastika\",\"description\":\"Dezinfekcija, gradnja, auto-moto, \u010di\u0161\u0107enje, ambala\u017ea\",\"publisher\":{\"@id\":\"https:\\\/\\\/kemoplastika.hr\\\/#organization\"},\"potentialAction\":[{\"@type\":\"SearchAction\",\"target\":{\"@type\":\"EntryPoint\",\"urlTemplate\":\"https:\\\/\\\/kemoplastika.hr\\\/?s={search_term_string}\"},\"query-input\":{\"@type\":\"PropertyValueSpecification\",\"valueRequired\":true,\"valueName\":\"search_term_string\"}}],\"inLanguage\":\"hr\"},{\"@type\":\"Organization\",\"@id\":\"https:\\\/\\\/kemoplastika.hr\\\/#organization\",\"name\":\"Kemoplastika\",\"url\":\"https:\\\/\\\/kemoplastika.hr\\\/\",\"logo\":{\"@type\":\"ImageObject\",\"inLanguage\":\"hr\",\"@id\":\"https:\\\/\\\/kemoplastika.hr\\\/#\\\/schema\\\/logo\\\/image\\\/\",\"url\":\"https:\\\/\\\/kemoplastika.hr\\\/wp-content\\\/uploads\\\/2025\\\/09\\\/logo.svg\",\"contentUrl\":\"https:\\\/\\\/kemoplastika.hr\\\/wp-content\\\/uploads\\\/2025\\\/09\\\/logo.svg\",\"width\":100,\"height\":100,\"caption\":\"Kemoplastika\"},\"image\":{\"@id\":\"https:\\\/\\\/kemoplastika.hr\\\/#\\\/schema\\\/logo\\\/image\\\/\"},\"sameAs\":[\"https:\\\/\\\/www.facebook.com\\\/profile.php?id=61559590600523\"]},{\"@type\":\"Person\",\"@id\":\"https:\\\/\\\/kemoplastika.hr\\\/#\\\/schema\\\/person\\\/bea4e92ba435f646fbfd4391f13012d5\",\"name\":\"admin\",\"image\":{\"@type\":\"ImageObject\",\"inLanguage\":\"hr\",\"@id\":\"https:\\\/\\\/kemoplastika.hr\\\/wp-content\\\/litespeed\\\/avatar\\\/b8c2af828e738957d95fb5d667689969.jpg?ver=1776828033\",\"url\":\"https:\\\/\\\/kemoplastika.hr\\\/wp-content\\\/litespeed\\\/avatar\\\/b8c2af828e738957d95fb5d667689969.jpg?ver=1776828033\",\"contentUrl\":\"https:\\\/\\\/kemoplastika.hr\\\/wp-content\\\/litespeed\\\/avatar\\\/b8c2af828e738957d95fb5d667689969.jpg?ver=1776828033\",\"caption\":\"admin\"},\"sameAs\":[\"https:\\\/\\\/kemoplastika.hr\"],\"url\":\"https:\\\/\\\/kemoplastika.hr\\\/index.php\\\/author\\\/kem_admin\\\/\"}]}<\/script>\n<!-- \/ Yoast SEO plugin. -->","yoast_head_json":{"title":"Spektar boja i sva njegova raspolo\u017eenja - Kemoplastika","robots":{"index":"index","follow":"follow","max-snippet":"max-snippet:-1","max-image-preview":"max-image-preview:large","max-video-preview":"max-video-preview:-1"},"canonical":"https:\/\/kemoplastika.hr\/index.php\/2019\/09\/28\/spektar-boja-i-sva-njegova-raspolozenja\/","og_locale":"hr_HR","og_type":"article","og_title":"Spektar boja i sva njegova raspolo\u017eenja - Kemoplastika","og_description":"Promijenite prevladavaju\u0107u boju u svojoj spava\u0107oj sobi i kona\u010dno se naspavajte...ili pak za\u010dinite svoj ljubavni \u017eivot :)","og_url":"https:\/\/kemoplastika.hr\/index.php\/2019\/09\/28\/spektar-boja-i-sva-njegova-raspolozenja\/","og_site_name":"Kemoplastika","article_publisher":"https:\/\/www.facebook.com\/profile.php?id=61559590600523","article_published_time":"2019-09-28T16:32:17+00:00","article_modified_time":"2024-02-07T11:03:46+00:00","og_image":[{"width":1300,"height":800,"url":"https:\/\/kemoplastika.hr\/wp-content\/uploads\/2019\/09\/spektar_blog.png","type":"image\/png"}],"author":"admin","twitter_card":"summary_large_image","twitter_misc":{"Napisao\/la":"admin","Procijenjeno vrijeme \u010ditanja":"3 minute"},"schema":{"@context":"https:\/\/schema.org","@graph":[{"@type":"Article","@id":"https:\/\/kemoplastika.hr\/index.php\/2019\/09\/28\/spektar-boja-i-sva-njegova-raspolozenja\/#article","isPartOf":{"@id":"https:\/\/kemoplastika.hr\/index.php\/2019\/09\/28\/spektar-boja-i-sva-njegova-raspolozenja\/"},"author":{"name":"admin","@id":"https:\/\/kemoplastika.hr\/#\/schema\/person\/bea4e92ba435f646fbfd4391f13012d5"},"headline":"Spektar boja i sva njegova raspolo\u017eenja","datePublished":"2019-09-28T16:32:17+00:00","dateModified":"2024-02-07T11:03:46+00:00","mainEntityOfPage":{"@id":"https:\/\/kemoplastika.hr\/index.php\/2019\/09\/28\/spektar-boja-i-sva-njegova-raspolozenja\/"},"wordCount":680,"publisher":{"@id":"https:\/\/kemoplastika.hr\/#organization"},"image":{"@id":"https:\/\/kemoplastika.hr\/index.php\/2019\/09\/28\/spektar-boja-i-sva-njegova-raspolozenja\/#primaryimage"},"thumbnailUrl":"https:\/\/kemoplastika.hr\/wp-content\/uploads\/2019\/09\/spektar_blog.png","articleSection":["Sve objave"],"inLanguage":"hr"},{"@type":"WebPage","@id":"https:\/\/kemoplastika.hr\/index.php\/2019\/09\/28\/spektar-boja-i-sva-njegova-raspolozenja\/","url":"https:\/\/kemoplastika.hr\/index.php\/2019\/09\/28\/spektar-boja-i-sva-njegova-raspolozenja\/","name":"Spektar boja i sva njegova raspolo\u017eenja - Kemoplastika","isPartOf":{"@id":"https:\/\/kemoplastika.hr\/#website"},"primaryImageOfPage":{"@id":"https:\/\/kemoplastika.hr\/index.php\/2019\/09\/28\/spektar-boja-i-sva-njegova-raspolozenja\/#primaryimage"},"image":{"@id":"https:\/\/kemoplastika.hr\/index.php\/2019\/09\/28\/spektar-boja-i-sva-njegova-raspolozenja\/#primaryimage"},"thumbnailUrl":"https:\/\/kemoplastika.hr\/wp-content\/uploads\/2019\/09\/spektar_blog.png","datePublished":"2019-09-28T16:32:17+00:00","dateModified":"2024-02-07T11:03:46+00:00","breadcrumb":{"@id":"https:\/\/kemoplastika.hr\/index.php\/2019\/09\/28\/spektar-boja-i-sva-njegova-raspolozenja\/#breadcrumb"},"inLanguage":"hr","potentialAction":[{"@type":"ReadAction","target":["https:\/\/kemoplastika.hr\/index.php\/2019\/09\/28\/spektar-boja-i-sva-njegova-raspolozenja\/"]}]},{"@type":"ImageObject","inLanguage":"hr","@id":"https:\/\/kemoplastika.hr\/index.php\/2019\/09\/28\/spektar-boja-i-sva-njegova-raspolozenja\/#primaryimage","url":"https:\/\/kemoplastika.hr\/wp-content\/uploads\/2019\/09\/spektar_blog.png","contentUrl":"https:\/\/kemoplastika.hr\/wp-content\/uploads\/2019\/09\/spektar_blog.png","width":1300,"height":800},{"@type":"BreadcrumbList","@id":"https:\/\/kemoplastika.hr\/index.php\/2019\/09\/28\/spektar-boja-i-sva-njegova-raspolozenja\/#breadcrumb","itemListElement":[{"@type":"ListItem","position":1,"name":"Po\u010detna stranica","item":"https:\/\/kemoplastika.hr\/"},{"@type":"ListItem","position":2,"name":"Spektar boja i sva njegova raspolo\u017eenja"}]},{"@type":"WebSite","@id":"https:\/\/kemoplastika.hr\/#website","url":"https:\/\/kemoplastika.hr\/","name":"Kemoplastika","description":"Dezinfekcija, gradnja, auto-moto, \u010di\u0161\u0107enje, ambala\u017ea","publisher":{"@id":"https:\/\/kemoplastika.hr\/#organization"},"potentialAction":[{"@type":"SearchAction","target":{"@type":"EntryPoint","urlTemplate":"https:\/\/kemoplastika.hr\/?s={search_term_string}"},"query-input":{"@type":"PropertyValueSpecification","valueRequired":true,"valueName":"search_term_string"}}],"inLanguage":"hr"},{"@type":"Organization","@id":"https:\/\/kemoplastika.hr\/#organization","name":"Kemoplastika","url":"https:\/\/kemoplastika.hr\/","logo":{"@type":"ImageObject","inLanguage":"hr","@id":"https:\/\/kemoplastika.hr\/#\/schema\/logo\/image\/","url":"https:\/\/kemoplastika.hr\/wp-content\/uploads\/2025\/09\/logo.svg","contentUrl":"https:\/\/kemoplastika.hr\/wp-content\/uploads\/2025\/09\/logo.svg","width":100,"height":100,"caption":"Kemoplastika"},"image":{"@id":"https:\/\/kemoplastika.hr\/#\/schema\/logo\/image\/"},"sameAs":["https:\/\/www.facebook.com\/profile.php?id=61559590600523"]},{"@type":"Person","@id":"https:\/\/kemoplastika.hr\/#\/schema\/person\/bea4e92ba435f646fbfd4391f13012d5","name":"admin","image":{"@type":"ImageObject","inLanguage":"hr","@id":"https:\/\/kemoplastika.hr\/wp-content\/litespeed\/avatar\/b8c2af828e738957d95fb5d667689969.jpg?ver=1776828033","url":"https:\/\/kemoplastika.hr\/wp-content\/litespeed\/avatar\/b8c2af828e738957d95fb5d667689969.jpg?ver=1776828033","contentUrl":"https:\/\/kemoplastika.hr\/wp-content\/litespeed\/avatar\/b8c2af828e738957d95fb5d667689969.jpg?ver=1776828033","caption":"admin"},"sameAs":["https:\/\/kemoplastika.hr"],"url":"https:\/\/kemoplastika.hr\/index.php\/author\/kem_admin\/"}]}},"_links":{"self":[{"href":"https:\/\/kemoplastika.hr\/index.php\/wp-json\/wp\/v2\/posts\/4606","targetHints":{"allow":["GET"]}}],"collection":[{"href":"https:\/\/kemoplastika.hr\/index.php\/wp-json\/wp\/v2\/posts"}],"about":[{"href":"https:\/\/kemoplastika.hr\/index.php\/wp-json\/wp\/v2\/types\/post"}],"author":[{"embeddable":true,"href":"https:\/\/kemoplastika.hr\/index.php\/wp-json\/wp\/v2\/users\/1"}],"replies":[{"embeddable":true,"href":"https:\/\/kemoplastika.hr\/index.php\/wp-json\/wp\/v2\/comments?post=4606"}],"version-history":[{"count":3,"href":"https:\/\/kemoplastika.hr\/index.php\/wp-json\/wp\/v2\/posts\/4606\/revisions"}],"predecessor-version":[{"id":6097,"href":"https:\/\/kemoplastika.hr\/index.php\/wp-json\/wp\/v2\/posts\/4606\/revisions\/6097"}],"wp:featuredmedia":[{"embeddable":true,"href":"https:\/\/kemoplastika.hr\/index.php\/wp-json\/wp\/v2\/media\/6080"}],"wp:attachment":[{"href":"https:\/\/kemoplastika.hr\/index.php\/wp-json\/wp\/v2\/media?parent=4606"}],"wp:term":[{"taxonomy":"category","embeddable":true,"href":"https:\/\/kemoplastika.hr\/index.php\/wp-json\/wp\/v2\/categories?post=4606"},{"taxonomy":"post_tag","embeddable":true,"href":"https:\/\/kemoplastika.hr\/index.php\/wp-json\/wp\/v2\/tags?post=4606"}],"curies":[{"name":"wp","href":"https:\/\/api.w.org\/{rel}","templated":true}]}}